[{"@context":"https:\/\/schema.org\/","@type":"Article","@id":"https:\/\/www.aukmed.cz\/kdy-je-vhodne-se-vezt-na-modni-vlne\/#Article","mainEntityOfPage":"https:\/\/www.aukmed.cz\/kdy-je-vhodne-se-vezt-na-modni-vlne\/","headline":"Kdy je vhodn\u00e9 se v\u00e9zt na m\u00f3dn\u00ed vln\u011b","name":"Kdy je vhodn\u00e9 se v\u00e9zt na m\u00f3dn\u00ed vln\u011b","description":"M\u00f3da je n\u011b\u010d\u00edm, co n\u00e1s prov\u00e1z\u00ed cel\u00fd \u017eivot. Ji\u017e od d\u011btstv\u00ed se n\u00e1s rodi\u010de \u010dasto sna\u017e\u00ed obl\u00e9kat tak, aby n\u00e1m to slu\u0161elo, p\u0159\u00edpadn\u011b podle toho, co je zrovna pro d\u011bti \u201ein\u201c. Nen\u00ed tedy divu, \u017ee toto chov\u00e1n\u00ed budeme d\u011blat i v\u00a0dosp\u011bl\u00e9m \u017eivot\u011b. Ot\u00e1zkou ov\u0161em je, jak to cel\u00e9 m\u016f\u017ee fungovat.\u00a0Asi nen\u00ed t\u0159eba \u0159\u00edkat, \u017ee m\u00f3dn\u00ed [&hellip;]","datePublished":"2023-06-20","dateModified":"2023-06-20","author":{"@type":"Person","@id":"https:\/\/www.aukmed.cz\/author\/#Person","name":"","url":"https:\/\/www.aukmed.cz\/author\/","identifier":1,"image":{"@type":"ImageObject","@id":"https:\/\/secure.gravatar.com\/avatar\/64d58fab86512053c8bb518a6563e7284bb4a3422dc9af0106c3f39575364c7b?s=96&d=mm&r=g","url":"https:\/\/secure.gravatar.com\/avatar\/64d58fab86512053c8bb518a6563e7284bb4a3422dc9af0106c3f39575364c7b?s=96&d=mm&r=g","height":96,"width":96}},"publisher":{"@type":"Organization","name":"aukmed.cz","logo":{"@type":"ImageObject","@id":"\/logo.png","url":"\/logo.png","width":600,"height":60}},"image":{"@type":"ImageObject","@id":"https:\/\/www.aukmed.cz\/wp-content\/uploads\/modeling1_10_9.jpg","url":"https:\/\/www.aukmed.cz\/wp-content\/uploads\/modeling1_10_9.jpg","height":0,"width":0},"url":"https:\/\/www.aukmed.cz\/kdy-je-vhodne-se-vezt-na-modni-vlne\/","about":["M\u00f3da\r"],"wordCount":440,"articleBody":"M\u00f3da je n\u011b\u010d\u00edm, co n\u00e1s prov\u00e1z\u00ed cel\u00fd \u017eivot. Ji\u017e od d\u011btstv\u00ed se n\u00e1s rodi\u010de \u010dasto sna\u017e\u00ed obl\u00e9kat tak, aby n\u00e1m to slu\u0161elo, p\u0159\u00edpadn\u011b podle toho, co je zrovna pro d\u011bti \u201ein\u201c. Nen\u00ed tedy divu, \u017ee toto chov\u00e1n\u00ed budeme d\u011blat i v\u00a0dosp\u011bl\u00e9m \u017eivot\u011b. Ot\u00e1zkou ov\u0161em je, jak to cel\u00e9 m\u016f\u017ee fungovat.\u00a0Asi nen\u00ed t\u0159eba \u0159\u00edkat, \u017ee m\u00f3dn\u00ed trendy p\u0159ich\u00e1z\u00ed ve vln\u00e1ch, kter\u00e9 se periodicky opakuj\u00ed. Jen m\u00e1lokdy se stane, \u017ee se objev\u00ed n\u011bco skute\u010dn\u011b nov\u00e9ho. T\u00edm v\u0161ak vyvst\u00e1v\u00e1 ot\u00e1zka, zda bychom skute\u010dn\u011b m\u011bli t\u011bmto vln\u00e1m v\u011bnovat pozornost, kdy\u017e jsou tak pom\u00edjiv\u00e9.\u00a0\u00a0Z\u00e1rove\u0148 to v\u0161ak tak\u00e9 znamen\u00e1, \u017ee nen\u00ed nutn\u00e9 n\u00e1\u0161 \u0161atn\u00edk periodicky vyhazovat. Je toti\u017e pravd\u011bpodobn\u00e9, \u017ee kousky, kter\u00e9 pr\u00e1v\u011b vy\u0161ly z\u00a0m\u00f3dy, do n\u00ed zase za p\u00e1r let p\u0159ijdou. A kdy\u017e je uschov\u00e1me v\u00a0dobr\u00e9m stavu, je pravd\u011bpodobn\u00e9, \u017ee budou m\u00edt coby origin\u00e1ly je\u0161t\u011b v\u011bt\u0161\u00ed cenu.\u00a0Je v\u0161ak nutn\u00e9 \u0159\u00edci, \u017ee je rozhodn\u011b nen\u00ed vhodn\u00e9 n\u00e1sledovat bezmy\u0161lenkovit\u011b. Jist\u011b, mohou n\u00e1m d\u00e1t ur\u010ditou inspiraci, av\u0161ak to je asi tak v\u0161echno, k\u00a0\u010demu bychom je m\u011bli pou\u017e\u00edt. Ka\u017ed\u00fd \u010dlov\u011bk je jin\u00fd a m\u00e1 nejen jinou postavu, ale tak\u00e9 tvar obli\u010deje \u010di typ a barvu vlas\u016f. Je tedy jasn\u00e9, \u017ee mu slu\u0161\u00ed jin\u00e9 kombinace od\u011bv\u016f a o\u0161acen\u00ed.\u00a0\u00a0Z\u00a0toho bychom pak m\u011bli vych\u00e1zet. Nap\u0159\u00edklad je jedno, \u017ee zrovna fr\u010d\u00ed kalhoty do zvonu, kdy\u017e v\u00a0nich kv\u016fli tvaru sv\u00fdch nohou nevypad\u00e1me v\u016fbec dob\u0159e, a tak\u00e9 se v\u00a0nich dob\u0159e nec\u00edt\u00edme. Nosit n\u011bco jen proto, \u017ee n\u00e1vrh\u00e1\u0159i a od\u011bvn\u00ed pr\u016fmysl rozhodli, \u017ee se te\u010f bude prod\u00e1vat pr\u00e1v\u011b toto, je hloupost.\u00a0Prav\u00e1 m\u00f3da by naopak m\u011bla oslavovat individualitu, co\u017e by v\u0161ak bylo pro m\u00f3dn\u00ed pr\u016fmysl detriment\u00e1ln\u00ed. Znamenalo by to konec s\u00e9riov\u00e9 v\u00fdroby, kdy mohou vyr\u00e1b\u011bt ty sam\u00e9 modely jen v\u00a0r\u016fzn\u00fdch velikostech a v\u011bd\u011bt, \u017ee si v\u017edy najdou kupce. Bylo by pot\u0159eba soust\u0159edit se na ka\u017ed\u00e9ho jednotliv\u00e9ho z\u00e1kazn\u00edka, p\u0159\u00edpadn\u011b jim nab\u00eddnout podstatn\u011b v\u00edce mo\u017enost\u00ed \u2013 a to je n\u011bco, co rozhodn\u011b necht\u011bj\u00ed. Byla by to toti\u017e pr\u00e1ce nav\u00edc p\u0159i dosa\u017een\u00ed v\u00a0podstat\u011b stejn\u00e9ho zisku.                                                                                                                                                                                                                                                                                                                                                                                        4.5\/5 - (4 votes)        "},{"@context":"https:\/\/schema.org\/","@type":"BreadcrumbList","itemListElement":[{"@type":"ListItem","position":1,"name":"Kdy je vhodn\u00e9 se v\u00e9zt na m\u00f3dn\u00ed vln\u011b","item":"https:\/\/www.aukmed.cz\/kdy-je-vhodne-se-vezt-na-modni-vlne\/#breadcrumbitem"}]}]