[{"@context":"https:\/\/schema.org\/","@type":"Article","@id":"https:\/\/www.aukmed.cz\/proc-je-pro-nas-tak-tezke-prekonat-generacni-traumata\/#Article","mainEntityOfPage":"https:\/\/www.aukmed.cz\/proc-je-pro-nas-tak-tezke-prekonat-generacni-traumata\/","headline":"Pro\u010d je pro n\u00e1s tak t\u011b\u017ek\u00e9 p\u0159ekonat genera\u010dn\u00ed traumata","name":"Pro\u010d je pro n\u00e1s tak t\u011b\u017ek\u00e9 p\u0159ekonat genera\u010dn\u00ed traumata","description":"Psychologov\u00e9 se shodnou, \u017ee jednou z\u00a0nej\u0161kodliv\u011bj\u0161\u00edch v\u011bc\u00ed pro d\u00edt\u011b jsou genera\u010dn\u00ed traumata. S\u00a0t\u00edmto term\u00ednem se mnoho z\u00a0n\u00e1s zat\u00edm nesetkalo, i kdy\u017e v\u00a0posledn\u00ed dob\u011b se o n\u011bm za\u010d\u00edn\u00e1 na\u0161t\u011bst\u00ed mluvit \u010d\u00edm d\u00e1l v\u00edce. Ukazuje se toti\u017e, \u017ee se jedn\u00e1 o v\u011bt\u0161\u00ed probl\u00e9m, ne\u017e se p\u0159edpokl\u00e1dalo, a, jak ji\u017e n\u00e1zev napov\u00edd\u00e1, postihuje cel\u00e9 generace, nejv\u00edce pak pr\u00e1v\u011b [&hellip;]","datePublished":"2024-09-30","dateModified":"2024-09-30","author":{"@type":"Person","@id":"https:\/\/www.aukmed.cz\/author\/#Person","name":"","url":"https:\/\/www.aukmed.cz\/author\/","identifier":1,"image":{"@type":"ImageObject","@id":"https:\/\/secure.gravatar.com\/avatar\/64d58fab86512053c8bb518a6563e7284bb4a3422dc9af0106c3f39575364c7b?s=96&d=mm&r=g","url":"https:\/\/secure.gravatar.com\/avatar\/64d58fab86512053c8bb518a6563e7284bb4a3422dc9af0106c3f39575364c7b?s=96&d=mm&r=g","height":96,"width":96}},"publisher":{"@type":"Organization","name":"aukmed.cz","logo":{"@type":"ImageObject","@id":"\/logo.png","url":"\/logo.png","width":600,"height":60}},"image":{"@type":"ImageObject","@id":"https:\/\/www.aukmed.cz\/wp-content\/uploads\/dite2_10_10_10_1.jpg","url":"https:\/\/www.aukmed.cz\/wp-content\/uploads\/dite2_10_10_10_1.jpg","height":0,"width":0},"url":"https:\/\/www.aukmed.cz\/proc-je-pro-nas-tak-tezke-prekonat-generacni-traumata\/","about":["D\u011bti"],"wordCount":453,"articleBody":"Psychologov\u00e9 se shodnou, \u017ee jednou z\u00a0nej\u0161kodliv\u011bj\u0161\u00edch v\u011bc\u00ed pro d\u00edt\u011b jsou genera\u010dn\u00ed traumata. S\u00a0t\u00edmto term\u00ednem se mnoho z\u00a0n\u00e1s zat\u00edm nesetkalo, i kdy\u017e v\u00a0posledn\u00ed dob\u011b se o n\u011bm za\u010d\u00edn\u00e1 na\u0161t\u011bst\u00ed mluvit \u010d\u00edm d\u00e1l v\u00edce. Ukazuje se toti\u017e, \u017ee se jedn\u00e1 o v\u011bt\u0161\u00ed probl\u00e9m, ne\u017e se p\u0159edpokl\u00e1dalo, a, jak ji\u017e n\u00e1zev napov\u00edd\u00e1, postihuje cel\u00e9 generace, nejv\u00edce pak pr\u00e1v\u011b d\u011bti. Rozhodn\u011b tedy neu\u0161kod\u00ed pod\u00edvat se na to, o co jde.\u00a0Jednodu\u0161e \u0159e\u010deno, jde o p\u0159ed\u00e1v\u00e1n\u00ed traumat n\u00e1sleduj\u00edc\u00edm generac\u00edm. Dejme tomu, \u017ee nap\u0159\u00edklad babi\u010dka, kter\u00e1 \u017eila b\u011bhem v\u00e1lky, poznala, co je to m\u00edt skute\u010dn\u011b hlad. Nau\u010dila se tak v\u00e1\u017eit si ka\u017ed\u00e9ho drobku j\u00eddla a samoz\u0159ejm\u011b nesn\u00e1\u0161\u00ed jeho pl\u00fdtv\u00e1n\u00ed. V\u00a0d\u016fsledku toho sv\u00e9 d\u00edt\u011b nut\u00ed, aby sn\u011bdlo v\u0161e, co m\u00e1 na tal\u00ed\u0159i, bez ohledu na to, zda mu to chutn\u00e1, jak se c\u00edt\u00ed, \u010di jak je dan\u00e1 porce velk\u00e1. Jako zd\u016fvodn\u011bn\u00ed pak \u010dasto cituje pr\u00e1v\u011b sv\u00e9 z\u00e1\u017eitky z\u00a0v\u00e1lky.\u00a0\u00a0Toto d\u00edt\u011b se pak tomuto p\u0159\u00edstupu nau\u010d\u00ed tak\u00e9, by\u0165 je v\u00a0dne\u0161n\u00ed dob\u011b, kdy je j\u00eddla dostatek, zbyte\u010dn\u00fd. Bude v\u00a0n\u011bm v\u0161ak skute\u010dn\u011b pevn\u011b zako\u0159en\u011bn, a kdy\u017e pak dosp\u011bje a bude m\u00edt vlastn\u00ed d\u00edt\u011b, bude jednat naprosto stejn\u011b. A \u010dasto i ve zv\u00fd\u0161en\u00e9m m\u011b\u0159\u00edtku. Ono vnou\u010de p\u016fvodn\u00ed babi\u010dky pak tak\u00e9 bude toto chov\u00e1n\u00ed pova\u017eovat za samoz\u0159ejm\u00e9, a bude jej opakovat.\u00a0\u00a0Jist\u011b, na prvn\u00ed pohled se to nezd\u00e1 jako nic \u0161patn\u00e9ho. Ale co kdy\u017e se bude jednat nap\u0159\u00edklad o tvrd\u00e9 bit\u00ed d\u011bt\u00ed? O k\u0159i\u010den\u00ed na n\u011b? O povinnost si v\u0161e \u201ezaslou\u017eit\u201c? To u\u017e tak nevinn\u011b nezn\u00ed, a m\u016f\u017ee to m\u00edt neblah\u00fd vliv na psychiku, kter\u00fd se p\u0159id\u00e1v\u00e1 d\u00e1l a d\u00e1l. A uniknout z\u00a0tohoto kruhu rozhodn\u011b nen\u00ed jednoduch\u00e9.\u00a0Nen\u00ed to v\u0161ak nemo\u017en\u00e9. V\u00a0prvn\u00ed \u0159ad\u011b je pot\u0159eba poznat, \u017ee se n\u00e1m skute\u010dn\u011b n\u011bco takov\u00e9ho d\u011blo. Pokud nap\u0159\u00edklad vypr\u00e1v\u00edme sv\u00e9 z\u00e1\u017eitky z\u00a0d\u011btstv\u00ed kamar\u00e1dovi, a ten se zhroz\u00ed, pak je jasn\u00e9, \u017ee co jsme pro\u017eili, rozhodn\u011b nen\u00ed v\u00a0po\u0159\u00e1dku. Pak se mus\u00edme tak\u00e9 rozhodnout, \u017ee sv\u00e9mu d\u00edt\u011bti toto trauma nep\u0159ed\u00e1me, a toho se dr\u017eet, i kdy\u017e to mnohdy nen\u00ed jednoduch\u00e9. Je to v\u0161ak jedin\u00e1 mo\u017enost.                                                                                                                                                                                                                                                                                                                                                                                        4.3\/5 - (7 votes)        "},{"@context":"https:\/\/schema.org\/","@type":"BreadcrumbList","itemListElement":[{"@type":"ListItem","position":1,"name":"Pro\u010d je pro n\u00e1s tak t\u011b\u017ek\u00e9 p\u0159ekonat genera\u010dn\u00ed traumata","item":"https:\/\/www.aukmed.cz\/proc-je-pro-nas-tak-tezke-prekonat-generacni-traumata\/#breadcrumbitem"}]}]