[{"@context":"https:\/\/schema.org\/","@type":"Article","@id":"https:\/\/www.aukmed.cz\/spojeni-prirody-s-vasim-interierem\/#Article","mainEntityOfPage":"https:\/\/www.aukmed.cz\/spojeni-prirody-s-vasim-interierem\/","headline":"Spojen\u00ed p\u0159\u00edrody s va\u0161\u00edm interi\u00e9rem","name":"Spojen\u00ed p\u0159\u00edrody s va\u0161\u00edm interi\u00e9rem","description":"P\u0159\u00edroda jako sou\u010d\u00e1st va\u0161eho domova Objevte kouzlo zimn\u00ed zahrady. Tento p\u016fsobiv\u00fd kousek prostoru m\u016f\u017ee p\u016fsobit jako balz\u00e1m na Va\u0161i unavenou du\u0161i i poskytnout \u00fato\u010di\u0161t\u011b pro Va\u0161e vy\u010derpan\u00e9 t\u011blo. P\u0159\u00edroda u v\u00e1s doma Perfektn\u00ed z\u00e1zem\u00ed i v centru velk\u00e9ho m\u011bsta si m\u016f\u017eete dop\u0159\u00e1t d\u00edky v\u00fdstavb\u011b zimn\u00ed zahrady na st\u0159e\u0161e, na terase a kdekoliv jinde je mo\u017en\u00e9 [&hellip;]","datePublished":"2024-10-27","dateModified":"2024-10-27","author":{"@type":"Person","@id":"https:\/\/www.aukmed.cz\/author\/#Person","name":"","url":"https:\/\/www.aukmed.cz\/author\/","identifier":1,"image":{"@type":"ImageObject","@id":"https:\/\/secure.gravatar.com\/avatar\/64d58fab86512053c8bb518a6563e7284bb4a3422dc9af0106c3f39575364c7b?s=96&d=mm&r=g","url":"https:\/\/secure.gravatar.com\/avatar\/64d58fab86512053c8bb518a6563e7284bb4a3422dc9af0106c3f39575364c7b?s=96&d=mm&r=g","height":96,"width":96}},"publisher":{"@type":"Organization","name":"aukmed.cz","logo":{"@type":"ImageObject","@id":"\/logo.png","url":"\/logo.png","width":600,"height":60}},"url":"https:\/\/www.aukmed.cz\/spojeni-prirody-s-vasim-interierem\/","wordCount":205,"articleBody":"\tP\u0159\u00edroda jako sou\u010d\u00e1st va\u0161eho domovaObjevte kouzlo zimn\u00ed zahrady. Tento p\u016fsobiv\u00fd kousek prostoru m\u016f\u017ee p\u016fsobit jako balz\u00e1m na Va\u0161i unavenou du\u0161i i poskytnout \u00fato\u010di\u0161t\u011b pro Va\u0161e vy\u010derpan\u00e9 t\u011blo.\tP\u0159\u00edroda u v\u00e1s domaPerfektn\u00ed z\u00e1zem\u00ed i v centru velk\u00e9ho m\u011bsta si m\u016f\u017eete dop\u0159\u00e1t d\u00edky v\u00fdstavb\u011b zimn\u00ed zahrady na st\u0159e\u0161e, na terase a kdekoliv jinde je mo\u017en\u00e9 doc\u00edlit roz\u0161\u00ed\u0159en\u00ed obytn\u00e9ho prostoru. Z\u00fatuln\u011bte sv\u016fj interi\u00e9r. Opat\u0159ete si nov\u00fd prvek, kter\u00fd vytv\u00e1\u0159\u00ed regula\u010dn\u00ed komplex, jen\u017e obsahuje r\u016fznorod\u00e9 funkce. Nez\u00e1le\u017e\u00ed na tom, za jak\u00fdm \u00fa\u010delem se tuto m\u00edstnost doma rozhodnete zrealizovat. \u00da\u010dinkem se nemine nejen z d\u016fvodu p\u0159ibl\u00ed\u017een\u00ed se p\u0159\u00edrod\u011b, um\u00edst\u011bn\u00ed zelen\u011b v zimn\u00edch m\u011bs\u00edc\u00edch, ale ani t\u0159eba v\u00fdhledu do venkovn\u00ed krajiny.\tNechejte si poradit p\u0159i pl\u00e1nov\u00e1n\u00edNebojte se investice do zimn\u00ed zahrady, kter\u00e1 je projektov\u00e1na z vysoce kvalitn\u00edch materi\u00e1l\u016f a podle typov\u00e9ho pl\u00e1nu, kter\u00fd m\u016f\u017eete zvolit podle sv\u00fdch individu\u00e1ln\u00edch pot\u0159eb a p\u0159\u00e1n\u00ed.                                                                                                                                                                                                                                                                                                                                                                                        5\/5 - (1 vote)        "},{"@context":"https:\/\/schema.org\/","@type":"BreadcrumbList","itemListElement":[{"@type":"ListItem","position":1,"name":"Spojen\u00ed p\u0159\u00edrody s va\u0161\u00edm interi\u00e9rem","item":"https:\/\/www.aukmed.cz\/spojeni-prirody-s-vasim-interierem\/#breadcrumbitem"}]}]